{"id":21444,"date":"2026-03-02T14:58:49","date_gmt":"2026-03-02T12:58:49","guid":{"rendered":"https:\/\/www.omj.fi\/?p=21444"},"modified":"2026-03-12T13:41:46","modified_gmt":"2026-03-12T11:41:46","slug":"tutustu-oulun-musiikkijuhlien-ilmaistapahtumiin","status":"publish","type":"post","link":"https:\/\/www.omj.fi\/en\/tutustu-oulun-musiikkijuhlien-ilmaistapahtumiin\/","title":{"rendered":"Tutustu Oulun Musiikkijuhlien ilmaistapahtumiin!"},"content":{"rendered":"<p>Oulun Musiikkijuhlat tuo maaliskuussa <strong>9.\u201322.3.2026<\/strong> monipuolisesti musiikkia ja kulttuuria ymp\u00e4ri kaupunkia. Festivaalin aikana j\u00e4rjestet\u00e4\u00e4n useita <strong>vapaa p\u00e4\u00e4syllisi\u00e4 tapahtumia<\/strong>, joihin kaikki ovat tervetulleita.<br><br><strong>Oulun Musiikkijuhlat 2026 \u2013 maksuttomat tapahtumat<\/strong><\/p>\n\n\n\n<p><strong>Oulun Musiikkijuhlat 2026: Rakkauden kaava \u2013 Arvo P\u00e4rtin tuotannon j\u00e4ljill\u00e4<\/strong><br>Ma 9.3.\u2013Su 22.3.2026<br>\ud83d\udccd Oulun Musiikkikeskus<br>\u2192 Ilmainen n\u00e4yttely koko festivaalin ajan<br>\ud83d\udd17 <a href=\"https:\/\/www.omj.fi\/en\/konsertit\/rakkauden-kaava-arvo-partin-tuotannon-jaljilla\/?utm_source=chatgpt.com\">https:\/\/www.omj.fi\/konsertit\/rakkauden-kaava-arvo-partin-tuotannon-jaljilla\/<\/a><\/p>\n\n\n\n<p><strong>Oulun Musiikkijuhlat 2026: Kahden s\u00e4velen v\u00e4liss\u00e4 \u2013 Arvo P\u00e4rt -n\u00e4yttelyn avajaiskonsertti<\/strong><br>\ud83d\udcc5 Ma 9.3.2026 klo 18.30<br>\ud83d\udccd Madetojan sali, Oulun Musiikkikeskus<br>\u2192 Vapaa p\u00e4\u00e4sy<br>\ud83d\udd17 <a href=\"https:\/\/www.omj.fi\/en\/konsertit\/kahden-savelen-valissa\/\">https:\/\/www.omj.fi\/konsertit\/kahden-savelen-valissa\/<\/a><\/p>\n\n\n\n<p><strong>Oulun Musiikkijuhlat 2026: Keskustelu \u2013 Kokemuksia kolmesta Euroopan kulttuurip\u00e4\u00e4kaupungista<\/strong><br>\ud83d\udcc5 Ma 9.3.2026 klo 19.30<br>\ud83d\udccd Ravintola Preludi, Oulun Musiikkikeskus<br>\u2192 Vapaa p\u00e4\u00e4sy<br>\ud83d\udd17 <a href=\"https:\/\/www.omj.fi\/en\/konsertit\/keskustelu-kokemuksia-kolmesta-euroopan-kulttuuripaakaupungista\/\">https:\/\/www.omj.fi\/konsertit\/keskustelu-kokemuksia-kolmesta-euroopan-kulttuuripaakaupungista\/<\/a><\/p>\n\n\n\n<p><strong>Oulun Musiikkijuhlat 2026: Keskustelu Jazz Suomi 100 -juhlavuodesta<\/strong><br>\ud83d\udcc5 Ti 10.3.2026 klo 18.00<br>\ud83d\udccd Ravintola Preludi, Oulun Musiikkikeskus<br>\u2192 Vapaa p\u00e4\u00e4sy<br>\ud83d\udd17 <a href=\"https:\/\/www.omj.fi\/en\/konsertit\/keskustelu-jazz-suomi-100-juhlavuodesta\/\">https:\/\/www.omj.fi\/konsertit\/keskustelu-jazz-suomi-100-juhlavuodesta\/<\/a><\/p>\n\n\n\n<p><strong>OMJ x Oulu2026: Jamit \u2013 Jazz Suomi 100<\/strong><br>\ud83d\udcc5 Ti 10.3.2026 klo 20.30<br>\ud83d\udccd Ravintola Preludi, Oulun Musiikkikeskus<br>Avajaiskonsertin j\u00e4lkeen juhlat jatkuvat jazzin merkeiss\u00e4 jamien parissa. Saksofonisti Jari Perki\u00f6m\u00e4ki toimii illan is\u00e4nt\u00e4n\u00e4 house-b\u00e4ndins\u00e4 kanssa: Tuomas J. Turunen (piano), Jaakko Kontila (basso) ja Olli Estola (rummut). Jamit ovat avoimet kaikille \u2013 tervetuloa soittamaan tai nauttimaan livemusiikista.<br>\u2192 Vapaa p\u00e4\u00e4sy<br>\ud83d\udd17 <a href=\"https:\/\/www.omj.fi\/en\/konsertit\/omj-x-oulu2026-jamit-jazz-suomi-100\/\">https:\/\/www.omj.fi\/konsertit\/omj-x-oulu2026-jamit-jazz-suomi-100\/<\/a><\/p>\n\n\n\n<p><strong>Oulun Musiikkijuhlat 2026: Rytmimusiikin mestarikurssin p\u00e4\u00e4t\u00f6skonsertti<\/strong><br>\ud83d\udcc5 Pe 13.3.2026 klo 16.00<br>\ud83d\udccd Valvesali, kulttuuritalo Valve<br>\u2192 Vapaa p\u00e4\u00e4sy<br>\ud83d\udd17 <a href=\"https:\/\/www.omj.fi\/en\/konsertit\/rytmimusiikin-mestarikurssin-paatoskonsertti-2\/\">https:\/\/www.omj.fi\/konsertit\/rytmimusiikin-mestarikurssin-paatoskonsertti-2\/<\/a><\/p>\n\n\n\n<p><strong>Oulun Musiikkijuhlat 2026: Italialainen oopperamatka kitaralla<\/strong><br>\ud83d\udcc5 La 14.3. klo 16.00 &amp; La 21.3. klo 15:00<br>\ud83d\udccd Haukiputaan &amp; Ylikiimingin kirkko<br>\u2192 Vapaa p\u00e4\u00e4sy<br>\ud83d\udd17 <a href=\"https:\/\/www.omj.fi\/en\/konsertit\/italialainen-oopperamatka-kitaralla-2\/\">https:\/\/www.omj.fi\/konsertit\/italialainen-oopperamatka-kitaralla-2\/<\/a><\/p>\n\n\n\n<p><strong>OMJ x Valve2026 Culture Fridays: Musiikkipolku lapsuudesta nuoruuteen<\/strong><br>\ud83d\udcc5 Pe 20.3.2026 klo 16.00<br>\ud83d\udccd Ravintola Paljetti<br>\u2192 Vapaa p\u00e4\u00e4sy<br>\ud83d\udd17 <a href=\"https:\/\/www.omj.fi\/en\/konsertit\/omj-x-valve2026-cultural-fridays-musiikkipolku-lapsuudesta-nuoruuteen\/\">https:\/\/www.omj.fi\/konsertit\/omj-x-valve2026-cultural-fridays-musiikkipolku-lapsuudesta-nuoruuteen\/<\/a><\/p>\n\n\n\n<p><strong>Oulun Musiikkijuhlat 2026: Kamarimusiikin mestarikurssin p\u00e4\u00e4t\u00f6skonsertti<\/strong><br>\ud83d\udcc5 Pe 20.3.2026 klo 16.30<br>\ud83d\udccd Oulun kaupungintalon juhlasali<br>\u2192 Vapaa p\u00e4\u00e4sy<br>\ud83d\udd17 <a href=\"https:\/\/www.omj.fi\/en\/konsertit\/kamarimusiikin-mestarikurssien-paatoskonsertti\/\">https:\/\/www.omj.fi\/konsertit\/kamarimusiikin-mestarikurssien-paatoskonsertti\/<\/a><\/p>\n\n\n\n<p><strong>Oulun Musiikkijuhlat 2026: Punainen Beethoven -julkaisutilaisuus<\/strong><br>\ud83d\udcc5 La 21.3.2026 klo 15.45<br>\ud83d\udccd Oulun kaupungintalon juhlasalin l\u00e4mpi\u00f6<br>\u2192 Vapaa p\u00e4\u00e4sy<br>\ud83d\udd17 <a href=\"https:\/\/www.omj.fi\/en\/konsertit\/punainen-beethoven-julkaisutilaisuus\/\">https:\/\/www.omj.fi\/konsertit\/punainen-beethoven-julkaisutilaisuus\/<\/a><\/p>\n\n\n\n<hr class=\"wp-block-separator has-alpha-channel-opacity\"\/>\n\n\n\n<p>\ud83d\udccc <strong>Lis\u00e4tiedot ja ajantasainen lista koko festivaalin tapahtumista:<\/strong> <a href=\"https:\/\/www.omj.fi\/en\/konsertit-oulun-musiikkijuhlat\/?utm_source=chatgpt.com\">https:\/\/www.omj.fi\/konsertit-oulun-musiikkijuhlat\/<\/a><\/p>","protected":false},"excerpt":{"rendered":"<p>Oulun Musiikkijuhlat tuo maaliskuussa 9.\u201322.3.2026 monipuolisesti musiikkia ja kulttuuria ymp\u00e4ri kaupunkia. Festivaalin aikana j\u00e4rjestet\u00e4\u00e4n useita vapaa p\u00e4\u00e4syllisi\u00e4 tapahtumia, joihin kaikki ovat tervetulleita. Oulun Musiikkijuhlat 2026 \u2013 maksuttomat tapahtumat Oulun Musiikkijuhlat 2026: Rakkauden kaava \u2013 Arvo P\u00e4rtin tuotannon j\u00e4ljill\u00e4Ma 9.3.\u2013Su 22.3.2026\ud83d\udccd Oulun Musiikkikeskus\u2192 Ilmainen n\u00e4yttely koko festivaalin ajan\ud83d\udd17 https:\/\/www.omj.fi\/konsertit\/rakkauden-kaava-arvo-partin-tuotannon-jaljilla\/ Oulun Musiikkijuhlat 2026: Kahden s\u00e4velen v\u00e4liss\u00e4 \u2013 [&hellip;]<\/p>\n","protected":false},"author":3,"featured_media":21446,"comment_status":"closed","ping_status":"closed","sticky":false,"template":"template-parts\/single-uutiset.php","format":"standard","meta":{"_acf_changed":false,"footnotes":""},"categories":[6],"tags":[64,79],"class_list":["post-21444","post","type-post","status-publish","format-standard","has-post-thumbnail","hentry","category-uutiset","tag-omj","tag-omj2026"],"acf":[],"_links":{"self":[{"href":"https:\/\/www.omj.fi\/en\/wp-json\/wp\/v2\/posts\/21444","targetHints":{"allow":["GET"]}}],"collection":[{"href":"https:\/\/www.omj.fi\/en\/wp-json\/wp\/v2\/posts"}],"about":[{"href":"https:\/\/www.omj.fi\/en\/wp-json\/wp\/v2\/types\/post"}],"author":[{"embeddable":true,"href":"https:\/\/www.omj.fi\/en\/wp-json\/wp\/v2\/users\/3"}],"replies":[{"embeddable":true,"href":"https:\/\/www.omj.fi\/en\/wp-json\/wp\/v2\/comments?post=21444"}],"version-history":[{"count":3,"href":"https:\/\/www.omj.fi\/en\/wp-json\/wp\/v2\/posts\/21444\/revisions"}],"predecessor-version":[{"id":21533,"href":"https:\/\/www.omj.fi\/en\/wp-json\/wp\/v2\/posts\/21444\/revisions\/21533"}],"wp:featuredmedia":[{"embeddable":true,"href":"https:\/\/www.omj.fi\/en\/wp-json\/wp\/v2\/media\/21446"}],"wp:attachment":[{"href":"https:\/\/www.omj.fi\/en\/wp-json\/wp\/v2\/media?parent=21444"}],"wp:term":[{"taxonomy":"category","embeddable":true,"href":"https:\/\/www.omj.fi\/en\/wp-json\/wp\/v2\/categories?post=21444"},{"taxonomy":"post_tag","embeddable":true,"href":"https:\/\/www.omj.fi\/en\/wp-json\/wp\/v2\/tags?post=21444"}],"curies":[{"name":"wp","href":"https:\/\/api.w.org\/{rel}","templated":true}]}}