{"id":19939,"date":"2025-01-17T08:11:00","date_gmt":"2025-01-17T06:11:00","guid":{"rendered":"https:\/\/www.omj.fi\/?p=19939"},"modified":"2025-01-15T13:13:08","modified_gmt":"2025-01-15T11:13:08","slug":"kesan-2025-jazzpatiolle-ja-taiteiden-yohon-haetaan-esiintyjia-esiintyjahaku-auki-17-1-31-3-2025","status":"publish","type":"post","link":"https:\/\/www.omj.fi\/en\/kesan-2025-jazzpatiolle-ja-taiteiden-yohon-haetaan-esiintyjia-esiintyjahaku-auki-17-1-31-3-2025\/","title":{"rendered":"Kes\u00e4n 2025 Jazzpatiolle ja Taiteiden Y\u00f6h\u00f6n haetaan esiintyji\u00e4 &#8211; Esiintyj\u00e4haku auki 17.1.-31.3.2025"},"content":{"rendered":"<p>Jazzpatio on Oulun Musiikkijuhlien ja Jumpru Pubin jokavuotinen kes\u00e4tiistaihin sijoittuva konserttisarja. Jazzpatiot j\u00e4rjestet\u00e4\u00e4n Jumpru Pubin patiolla 10.6.-5.8.2025. Lis\u00e4ksi livemusiikki soi\u00a0patiolla\u00a0Taiteiden Y\u00f6n\u00e4 torstaina 14.8.2025. Tapahtumiin on yleis\u00f6ll\u00e4 vapaa p\u00e4\u00e4sy.\u00a0<\/p>\n\n\n\n<p>Oulun Musiikkijuhlat on j\u00e4rjest\u00e4nyt Jazzpatiota vuodesta 2016 saakka yhteisty\u00f6ss\u00e4 Jumpru Pubin kanssa. Oulun Musiikkijuhlien vt. toimitusjohtaja Maria Mannermaa pit\u00e4\u00e4 yhteisty\u00f6t\u00e4 arvokkaana.<\/p>\n\n\n\n<p>&#8221;Kes\u00e4iset Jazzpatiot ovat vakiinnuttaneet paikkansa Oulun kes\u00e4ss\u00e4. Oulun Musiikkijuhlien yhteisty\u00f6 Jumprun kanssa mahdollistaa kes\u00e4iset live-musiikkiel\u00e4mykset yleis\u00f6lle sek\u00e4 tarjoaa p\u00e4\u00e4osin oululaisille tai oululaisl\u00e4ht\u00f6isille muusikoille keikkailumahdollisuuksia&#8221;, Mannermaa kertoo.&nbsp;<\/p>\n\n\n\n<p>Avoin haku Jazzpatiolle j\u00e4rjestettiin ensimm\u00e4ist\u00e4 kertaa vuonna 2024. Ensimm\u00e4isen haun hyvien kokemusten vuoksi avoin haku haluttiin j\u00e4rjest\u00e4\u00e4 my\u00f6s t\u00e4n\u00e4 vuonna. Mukaan Jazzpatiolle haetaan oululaisia ja oululaisl\u00e4ht\u00f6isi\u00e4 jazzartisteja ja -yhtyeit\u00e4.&nbsp;<\/p>\n\n\n\n<p>&#8221;Saimme viime vuonna hyvi\u00e4 kokemuksia ensimm\u00e4ist\u00e4 kertaa toteutetusta avoimesta esiintyj\u00e4hausta&#8221;, Maria Mannermaa kertoo.&nbsp;&#8221;Pyrimme toiminnassamme avoimuuteen ja haluamme tarjota mahdollisimman monille, my\u00f6s uusille jazz-kokoonpanoille, mahdollisuuden esitt\u00e4yty\u00e4 ja hakea mukaan. Odotankin jo innolla t\u00e4m\u00e4n vuoden hakemuksia sek\u00e4 kes\u00e4n Jazzpatioita!&#8221;<\/p>\n\n\n\n<p>My\u00f6s Oulun Musiikkijuhlien tuottaja Iida Salonen pit\u00e4\u00e4 Jazzpatiota toimivana konseptina, joka toimii kes\u00e4ll\u00e4 helposti l\u00e4hestytt\u00e4v\u00e4n\u00e4 ihmisten kohtaamispaikkana.&nbsp;<\/p>\n\n\n\n<p>&#8221;Jumprun patio on matalankynnyksen paikka musiikin kokemiseen. T\u00e4m\u00e4 on nyt kolmas kes\u00e4, kun olen mukana Jazzpation toteutuksessa. Patiolla on aina hyv\u00e4 tunnelma, eik\u00e4 pieni sadekaan haittaa katoksen alla&#8221;, Salonen kertoo.&nbsp;<\/p>\n\n\n\n<p>&#8221;On kiva, ett\u00e4 jazz kiinnostaa ihmisi\u00e4.&nbsp;My\u00f6s tulevalle kes\u00e4lle on tarkoitus&nbsp;tehd\u00e4 monipuolinen sarja, josta l\u00f6ytyisi jazzia moneen makuun. Kannattaa siis hakea rohkeasti mukaan.&#8221;&nbsp;<\/p>\n\n\n\n<p>Esiintyj\u00e4haku&nbsp;on auki 17.1.-31.3.2025. Hakemuksen voi j\u00e4tt\u00e4\u00e4&nbsp;t\u00e4ytt\u00e4m\u00e4ll\u00e4 Forms-lomakkeen&nbsp;osoitteessa:&nbsp;<a href=\"https:\/\/forms.office.com\/e\/VtNvbnzKmM\" target=\"_blank\" rel=\"noreferrer noopener\">https:\/\/forms.office.com\/e\/VtNvbnzKmM<\/a><\/p>","protected":false},"excerpt":{"rendered":"<p>Jazzpatio on Oulun Musiikkijuhlien ja Jumpru Pubin jokavuotinen kes\u00e4tiistaihin sijoittuva konserttisarja. Jazzpatiot j\u00e4rjestet\u00e4\u00e4n Jumpru Pubin patiolla 10.6.-5.8.2025. Lis\u00e4ksi livemusiikki soi\u00a0patiolla\u00a0Taiteiden Y\u00f6n\u00e4 torstaina 14.8.2025. Tapahtumiin on yleis\u00f6ll\u00e4 vapaa p\u00e4\u00e4sy.\u00a0 Oulun Musiikkijuhlat on j\u00e4rjest\u00e4nyt Jazzpatiota vuodesta 2016 saakka yhteisty\u00f6ss\u00e4 Jumpru Pubin kanssa. Oulun Musiikkijuhlien vt. toimitusjohtaja Maria Mannermaa pit\u00e4\u00e4 yhteisty\u00f6t\u00e4 arvokkaana. &#8221;Kes\u00e4iset Jazzpatiot ovat vakiinnuttaneet paikkansa Oulun [&hellip;]<\/p>\n","protected":false},"author":3,"featured_media":19904,"comment_status":"closed","ping_status":"closed","sticky":false,"template":"template-parts\/single-uutiset.php","format":"standard","meta":{"_acf_changed":false,"footnotes":""},"categories":[6],"tags":[69,64],"class_list":["post-19939","post","type-post","status-publish","format-standard","has-post-thumbnail","hentry","category-uutiset","tag-jazzpatio","tag-omj"],"acf":[],"_links":{"self":[{"href":"https:\/\/www.omj.fi\/en\/wp-json\/wp\/v2\/posts\/19939","targetHints":{"allow":["GET"]}}],"collection":[{"href":"https:\/\/www.omj.fi\/en\/wp-json\/wp\/v2\/posts"}],"about":[{"href":"https:\/\/www.omj.fi\/en\/wp-json\/wp\/v2\/types\/post"}],"author":[{"embeddable":true,"href":"https:\/\/www.omj.fi\/en\/wp-json\/wp\/v2\/users\/3"}],"replies":[{"embeddable":true,"href":"https:\/\/www.omj.fi\/en\/wp-json\/wp\/v2\/comments?post=19939"}],"version-history":[{"count":1,"href":"https:\/\/www.omj.fi\/en\/wp-json\/wp\/v2\/posts\/19939\/revisions"}],"predecessor-version":[{"id":19941,"href":"https:\/\/www.omj.fi\/en\/wp-json\/wp\/v2\/posts\/19939\/revisions\/19941"}],"wp:featuredmedia":[{"embeddable":true,"href":"https:\/\/www.omj.fi\/en\/wp-json\/wp\/v2\/media\/19904"}],"wp:attachment":[{"href":"https:\/\/www.omj.fi\/en\/wp-json\/wp\/v2\/media?parent=19939"}],"wp:term":[{"taxonomy":"category","embeddable":true,"href":"https:\/\/www.omj.fi\/en\/wp-json\/wp\/v2\/categories?post=19939"},{"taxonomy":"post_tag","embeddable":true,"href":"https:\/\/www.omj.fi\/en\/wp-json\/wp\/v2\/tags?post=19939"}],"curies":[{"name":"wp","href":"https:\/\/api.w.org\/{rel}","templated":true}]}}