{"id":1896,"date":"2017-09-22T09:37:10","date_gmt":"2017-09-22T06:37:10","guid":{"rendered":"https:\/\/www.omj.fi\/?p=1896"},"modified":"2021-09-27T12:07:59","modified_gmt":"2021-09-27T09:07:59","slug":"ville-kess-oulun-musiikkijuhlien-tuottajaksi","status":"publish","type":"post","link":"https:\/\/www.omj.fi\/en\/ville-kess-oulun-musiikkijuhlien-tuottajaksi\/","title":{"rendered":"Ville Kess Oulun Musiikkijuhlien tuottajaksi"},"content":{"rendered":"<p><img fetchpriority=\"high\" decoding=\"async\" class=\"alignnone size-full wp-image-1897\" src=\"https:\/\/www.omj.fi\/wp-content\/uploads\/2017\/09\/image.jpg\" alt=\"\" width=\"500\" height=\"300\" title=\"\"><\/p>\n<p>Oulun Musiikkijuhlien tuottajana on aloittanut Ville Kess. H\u00e4n on koulutukseltaan musiikin ja kauppatieteiden maisteri. Kess on opiskellut Sibelius-Akatemian taidehallinnon koulutusohjelmassa (Arts management) sek\u00e4 Oulun yliopistossa. Aikaisemmin h\u00e4n on ty\u00f6skennellyt kulttuurialalla muun muassa Fazer konserttitoimistossa (Fazer Artists\u00b4 Management).<\/p>\n<p>&#8221;On eritt\u00e4in mielenkiintoista p\u00e4\u00e4st\u00e4 ty\u00f6skentelem\u00e4\u00e4n Oulun Musiikkijuhlien parissa, jolla on vahva asema Oulun kulttuuriel\u00e4m\u00e4ss\u00e4. Odotan ilolla yhteisty\u00f6t\u00e4 Maijan ja Jaakon kanssa.&#8221;, Kess sanoo.<\/p>\n<p>Toivotamme Villen oikein l\u00e4mpim\u00e4sti tervetulleeksi tiimiimme!<\/p>","protected":false},"excerpt":{"rendered":"<p>Oulun Musiikkijuhlien tuottajana on aloittanut Ville Kess. H\u00e4n on koulutukseltaan musiikin ja kauppatieteiden maisteri. Kess on opiskellut Sibelius-Akatemian taidehallinnon koulutusohjelmassa (Arts management) sek\u00e4 Oulun yliopistossa. Aikaisemmin h\u00e4n on ty\u00f6skennellyt kulttuurialalla muun muassa Fazer konserttitoimistossa (Fazer Artists\u00b4 Management). &#8221;On eritt\u00e4in mielenkiintoista p\u00e4\u00e4st\u00e4 ty\u00f6skentelem\u00e4\u00e4n Oulun Musiikkijuhlien parissa, jolla on vahva asema Oulun kulttuuriel\u00e4m\u00e4ss\u00e4. Odotan ilolla yhteisty\u00f6t\u00e4 Maijan [&hellip;]<\/p>\n","protected":false},"author":1,"featured_media":0,"comment_status":"closed","ping_status":"open","sticky":false,"template":"template-parts\/single-uutiset.php","format":"standard","meta":{"_acf_changed":false,"footnotes":""},"categories":[6],"tags":[],"class_list":["post-1896","post","type-post","status-publish","format-standard","hentry","category-uutiset"],"acf":[],"_links":{"self":[{"href":"https:\/\/www.omj.fi\/en\/wp-json\/wp\/v2\/posts\/1896","targetHints":{"allow":["GET"]}}],"collection":[{"href":"https:\/\/www.omj.fi\/en\/wp-json\/wp\/v2\/posts"}],"about":[{"href":"https:\/\/www.omj.fi\/en\/wp-json\/wp\/v2\/types\/post"}],"author":[{"embeddable":true,"href":"https:\/\/www.omj.fi\/en\/wp-json\/wp\/v2\/users\/1"}],"replies":[{"embeddable":true,"href":"https:\/\/www.omj.fi\/en\/wp-json\/wp\/v2\/comments?post=1896"}],"version-history":[{"count":0,"href":"https:\/\/www.omj.fi\/en\/wp-json\/wp\/v2\/posts\/1896\/revisions"}],"wp:attachment":[{"href":"https:\/\/www.omj.fi\/en\/wp-json\/wp\/v2\/media?parent=1896"}],"wp:term":[{"taxonomy":"category","embeddable":true,"href":"https:\/\/www.omj.fi\/en\/wp-json\/wp\/v2\/categories?post=1896"},{"taxonomy":"post_tag","embeddable":true,"href":"https:\/\/www.omj.fi\/en\/wp-json\/wp\/v2\/tags?post=1896"}],"curies":[{"name":"wp","href":"https:\/\/api.w.org\/{rel}","templated":true}]}}