{"id":19838,"date":"2024-11-28T14:51:07","date_gmt":"2024-11-28T12:51:07","guid":{"rendered":"https:\/\/www.omj.fi\/?p=19838"},"modified":"2024-11-28T14:51:08","modified_gmt":"2024-11-28T12:51:08","slug":"lisayksia-festivaaliohjelmistoon-rytmimusiikin-konserteissa-esiintymassa-mm-maria-kalaniemi-emma-rawicz-teemu-viinikainen-ja-jarmo-saari","status":"publish","type":"post","link":"http:\/\/www.omj.fi\/en\/lisayksia-festivaaliohjelmistoon-rytmimusiikin-konserteissa-esiintymassa-mm-maria-kalaniemi-emma-rawicz-teemu-viinikainen-ja-jarmo-saari\/","title":{"rendered":"Lis\u00e4yksi\u00e4 festivaaliohjelmistoon: rytmimusiikin konserteissa esiintym\u00e4ss\u00e4 mm. Maria Kalaniemi, Emma Rawicz, Teemu Viinikainen ja\u00a0Jarmo Saari"},"content":{"rendered":"<p>Oulun Musiikkijuhlien vuoden 2025 ohjelma laajenee viel\u00e4 viidell\u00e4 rytmimusiikin konsertilla. Uusimmat\u00a0konsertit\u00a0tarjoilevat laajan kattauksen musiikkia jazzin, maailmanmusiikin ja kansanmusiikinkin yst\u00e4ville \u2013\u00a0tutustu niihin alta ja osta lippusi!<\/p>\n\n\n\n<p><strong><a href=\"https:\/\/www.omj.fi\/en\/konsertit\/golnar-mahan-trio\/\">Golnar &amp; Mahan Trio<\/a><\/strong><br>Ke 12.3.2025 klo 19, Kaupungintalon juhlasali<br>Golnar &amp; Mahan Trio tarjoaa mestarillisen ja raikkaan l\u00e4hestymistavan musiikilliseen tarinankerrontaan. Yhtye yhdist\u00e4\u00e4 nykyjazzin, lounaisaasialaiset mikrotonaaliset s\u00e4vyt, polyrytmiset groovet, eurooppalaisen kamarimusiikin ja kokeellisen musiikin elementtej\u00e4 luoden omaper\u00e4isen soundin.<\/p>\n\n\n\n<p><strong><a href=\"https:\/\/www.omj.fi\/en\/konsertit\/emma-rawicz-quartet-uk\/\">Emma Rawicz Quartet (UK)<\/a><\/strong><br>La 15.3.2025 klo 19, Mallassauna, Kulttuurilaboratorio<br>Moninkertaisesti palkittu brittil\u00e4inen saksofonisti ja s\u00e4velt\u00e4j\u00e4 Emma Rawiczin\u00a0musiikki tempaa vastustamattomasti mukaansa. Emman musiikki on samaan aikaan sek\u00e4 sofistikoitunutta ett\u00e4 saavutettavaa, ja h\u00e4nen ja all-stars-b\u00e4ndist\u00e4 v\u00e4list\u00e4 vuorovaikutuksensa on ilo seurata.<\/p>\n\n\n\n<p><strong><a href=\"https:\/\/www.omj.fi\/en\/konsertit\/maria-kalaniemi-solo\/\">Maria Kalaniemi Solo<\/a><\/strong><br>Ti 18.3.2025 klo 18.30, OPAO<br>Maria Kalaniemi tuo kev\u00e4isen musiikkikimpun kansanmusiikkis\u00e4velmi\u00e4, omaa meditatiivisen herkk\u00e4\u00e4 tunnelmointia sek\u00e4 tuttuja s\u00e4velmi\u00e4 muistojen bulevardeilta Satumaasta Mets\u00e4kukkiin. Marian lyyrisen herkk\u00e4 ja intensiivinen soittotyyli on saanut 40-vuotisen taiteilijauran aikana uskollisen kuulijakunnan eri puolilla maailmaa.<\/p>\n\n\n\n<p><strong><a href=\"https:\/\/www.omj.fi\/en\/konsertit\/gustavson-viinikainen-kallio\/\">Gustavson-Viinikainen-Kallio<\/a><\/strong><br>Ke 19.3.2025 klo 19, RioLive<br>Hammond-mestari, suomiprogen kuningas Jukka Gustavson, maailman jazzkitaristien ter\u00e4vimp\u00e4\u00e4n k\u00e4rkeen kuuluva Teemu Viinikainen ja suvereeni kansainv\u00e4lisesti arvostettu ly\u00f6m\u00e4soitintaiteilija Mika Kallio r\u00e4\u00e4t\u00e4l\u00f6iv\u00e4t Oulun Musiikkijuhlia varten ainutlaatuisen kokonaisuuden, jonka sis\u00e4lt\u00f6\u00e4 voi vain arvailla.<\/p>\n\n\n\n<p><strong><a href=\"https:\/\/www.omj.fi\/en\/konsertit\/jarmo-saari-solu\/\">Jarmo Saari Solu<\/a><\/strong><br>Pe 21.3.2025 klo 19, Mallassaunan yl\u00e4kerta<br>Jarmo Saari Solu on yhden miehen kokeellinen sooloprojekti, joka kuulostaa kokonaiselta orkesterilta. Liveluuppauksen pioneeri ja kitaravelho on esiintynyt soolona Suomessa sek\u00e4 ulkomailla Japania my\u00f6ten. Solu palasi hiljattain estradeille ja matka jatkuu.<\/p>","protected":false},"excerpt":{"rendered":"<p>Oulun Musiikkijuhlien vuoden 2025 ohjelma laajenee viel\u00e4 viidell\u00e4 rytmimusiikin konsertilla. Uusimmat\u00a0konsertit\u00a0tarjoilevat laajan kattauksen musiikkia jazzin, maailmanmusiikin ja kansanmusiikinkin yst\u00e4ville \u2013\u00a0tutustu niihin alta ja osta lippusi! Golnar &amp; Mahan TrioKe 12.3.2025 klo 19, Kaupungintalon juhlasaliGolnar &amp; Mahan Trio tarjoaa mestarillisen ja raikkaan l\u00e4hestymistavan musiikilliseen tarinankerrontaan. Yhtye yhdist\u00e4\u00e4 nykyjazzin, lounaisaasialaiset mikrotonaaliset s\u00e4vyt, polyrytmiset groovet, eurooppalaisen kamarimusiikin ja [&hellip;]<\/p>\n","protected":false},"author":3,"featured_media":19822,"comment_status":"closed","ping_status":"closed","sticky":false,"template":"template-parts\/single-uutiset.php","format":"standard","meta":{"_acf_changed":false,"footnotes":""},"categories":[6],"tags":[64,78],"class_list":["post-19838","post","type-post","status-publish","format-standard","has-post-thumbnail","hentry","category-uutiset","tag-omj","tag-omj2025"],"acf":[],"_links":{"self":[{"href":"http:\/\/www.omj.fi\/en\/wp-json\/wp\/v2\/posts\/19838","targetHints":{"allow":["GET"]}}],"collection":[{"href":"http:\/\/www.omj.fi\/en\/wp-json\/wp\/v2\/posts"}],"about":[{"href":"http:\/\/www.omj.fi\/en\/wp-json\/wp\/v2\/types\/post"}],"author":[{"embeddable":true,"href":"http:\/\/www.omj.fi\/en\/wp-json\/wp\/v2\/users\/3"}],"replies":[{"embeddable":true,"href":"http:\/\/www.omj.fi\/en\/wp-json\/wp\/v2\/comments?post=19838"}],"version-history":[{"count":1,"href":"http:\/\/www.omj.fi\/en\/wp-json\/wp\/v2\/posts\/19838\/revisions"}],"predecessor-version":[{"id":19840,"href":"http:\/\/www.omj.fi\/en\/wp-json\/wp\/v2\/posts\/19838\/revisions\/19840"}],"wp:featuredmedia":[{"embeddable":true,"href":"http:\/\/www.omj.fi\/en\/wp-json\/wp\/v2\/media\/19822"}],"wp:attachment":[{"href":"http:\/\/www.omj.fi\/en\/wp-json\/wp\/v2\/media?parent=19838"}],"wp:term":[{"taxonomy":"category","embeddable":true,"href":"http:\/\/www.omj.fi\/en\/wp-json\/wp\/v2\/categories?post=19838"},{"taxonomy":"post_tag","embeddable":true,"href":"http:\/\/www.omj.fi\/en\/wp-json\/wp\/v2\/tags?post=19838"}],"curies":[{"name":"wp","href":"https:\/\/api.w.org\/{rel}","templated":true}]}}