{"id":12108,"date":"2022-02-01T13:47:09","date_gmt":"2022-02-01T11:47:09","guid":{"rendered":"https:\/\/www.omj.fi\/?p=12108"},"modified":"2022-05-31T09:17:16","modified_gmt":"2022-05-31T06:17:16","slug":"loimolan-voiman-konsertti-siirtyy-syksyyn-2022","status":"publish","type":"post","link":"http:\/\/www.omj.fi\/en\/loimolan-voiman-konsertti-siirtyy-syksyyn-2022\/","title":{"rendered":"Loimolan Voiman konsertti siirtyy syksyyn 2022"},"content":{"rendered":"<p>Oulun Musiikkijuhlien Jazz &amp; Etno -konserttisarjaan kuuluva\u00a0<strong>Loimolan Voiman<\/strong>\u00a0konsertti lauantaina 19.2.2022 Teatteri Riossa siirtyy, koska yhtyeen suunniteltu kiertue siirtyy koronarajoitusten johdosta syksyyn 2022. Lipun konserttiin ostaneihin ollaan yhteydess\u00e4 lippujen palautuksista. Oulun Musiikkijuhlat tiedottaa korvaavasta konsertista heti, kun uudelle p\u00e4iv\u00e4lle on saatu varmistus.\u00a0<\/p>","protected":false},"excerpt":{"rendered":"<p>Oulun Musiikkijuhlien Jazz &amp; Etno -konserttisarjaan kuuluva\u00a0Loimolan Voiman\u00a0konsertti lauantaina 19.2.2022 Teatteri Riossa siirtyy, koska yhtyeen suunniteltu kiertue siirtyy koronarajoitusten johdosta syksyyn 2022. Lipun konserttiin ostaneihin ollaan yhteydess\u00e4 lippujen palautuksista. Oulun Musiikkijuhlat tiedottaa korvaavasta konsertista heti, kun uudelle p\u00e4iv\u00e4lle on saatu varmistus.\u00a0<\/p>","protected":false},"author":3,"featured_media":9725,"comment_status":"closed","ping_status":"closed","sticky":false,"template":"template-parts\/single-uutiset.php","format":"standard","meta":{"_acf_changed":false,"footnotes":""},"categories":[6],"tags":[],"class_list":["post-12108","post","type-post","status-publish","format-standard","has-post-thumbnail","hentry","category-uutiset"],"acf":[],"_links":{"self":[{"href":"http:\/\/www.omj.fi\/en\/wp-json\/wp\/v2\/posts\/12108","targetHints":{"allow":["GET"]}}],"collection":[{"href":"http:\/\/www.omj.fi\/en\/wp-json\/wp\/v2\/posts"}],"about":[{"href":"http:\/\/www.omj.fi\/en\/wp-json\/wp\/v2\/types\/post"}],"author":[{"embeddable":true,"href":"http:\/\/www.omj.fi\/en\/wp-json\/wp\/v2\/users\/3"}],"replies":[{"embeddable":true,"href":"http:\/\/www.omj.fi\/en\/wp-json\/wp\/v2\/comments?post=12108"}],"version-history":[{"count":3,"href":"http:\/\/www.omj.fi\/en\/wp-json\/wp\/v2\/posts\/12108\/revisions"}],"predecessor-version":[{"id":12111,"href":"http:\/\/www.omj.fi\/en\/wp-json\/wp\/v2\/posts\/12108\/revisions\/12111"}],"wp:featuredmedia":[{"embeddable":true,"href":"http:\/\/www.omj.fi\/en\/wp-json\/wp\/v2\/media\/9725"}],"wp:attachment":[{"href":"http:\/\/www.omj.fi\/en\/wp-json\/wp\/v2\/media?parent=12108"}],"wp:term":[{"taxonomy":"category","embeddable":true,"href":"http:\/\/www.omj.fi\/en\/wp-json\/wp\/v2\/categories?post=12108"},{"taxonomy":"post_tag","embeddable":true,"href":"http:\/\/www.omj.fi\/en\/wp-json\/wp\/v2\/tags?post=12108"}],"curies":[{"name":"wp","href":"https:\/\/api.w.org\/{rel}","templated":true}]}}